{"id":310,"date":"2017-03-31T17:27:49","date_gmt":"2017-03-31T16:27:49","guid":{"rendered":"https:\/\/routehistorique86.com\/?p=310"},"modified":"2017-04-16T17:29:30","modified_gmt":"2017-04-16T16:29:30","slug":"invitation-inauguration-abbaye-de-la-reau-86","status":"publish","type":"post","link":"https:\/\/www.routehistorique86.com\/index.php\/2017\/03\/31\/invitation-inauguration-abbaye-de-la-reau-86\/","title":{"rendered":"Invitation Inauguration Abbaye de la R\u00e9au (86)"},"content":{"rendered":"<table style=\"margin: 0; border: 1px solid #dddddd; color: #444444; font-family: arial; font-size: 12px; border-color: #dddddd; background-color: #ffffff;\" border=\"0\" width=\"600\" cellspacing=\"0\" cellpadding=\"0\">\n<tbody>\n<tr>\n<td><!-- #nl_header --><\/p>\n<table border=\"0\" width=\"100%\" cellspacing=\"0\" cellpadding=\"0\">\n<tbody>\n<tr>\n<td><img decoding=\"async\" style=\"display: block; width: 600px; border: none;\" src=\"http:\/\/0j8w.mj.am\/img\/0j8w\/l31ys\/su3gv.jpg\" alt=\"\" width=\"600\" \/><\/td>\n<\/tr>\n<\/tbody>\n<\/table>\n<p><!-- #nl_content --><\/p>\n<table style=\"margin: 0; border-collapse: collapse;\" border=\"0\" width=\"100%\" cellspacing=\"0\" cellpadding=\"0\">\n<tbody>\n<tr>\n<td style=\"color: #444444; font-family: arial; font-size: 12px; border-color: #dddddd; background-color: #ffffff; padding: 5px 0;\" align=\"left\">\n<table style=\"border-collapse: collapse; color: #444444; font-family: arial; font-size: 12px; border-color: #dddddd; background-color: #ffffff;\" cellspacing=\"0\" cellpadding=\"0\">\n<tbody>\n<tr>\n<td width=\"10px\"><\/td>\n<td style=\"vertical-align: top; padding: 5px 0;\" width=\"580\">\n<table style=\"border-collapse: collapse; width: 565px; color: #444444; font-family: arial; font-size: 12px; border-color: #dddddd; background-color: #ffffff;\" width=\"565\" cellspacing=\"0\" cellpadding=\"0\">\n<tbody>\n<tr>\n<td style=\"padding: 5px 0 5px 5px; line-height: normal; color: #444444; font-family: arial; font-size: 12px; border-color: #dddddd; background-color: #ffffff;\">\n<h1 style=\"font-size: 2em; margin: 0 0 10px; text-align: center;\"><span style=\"color: #8b4513;\">Invitation inauguration<br \/>\nVendredi 31 mars<\/span><\/h1>\n<\/td>\n<\/tr>\n<\/tbody>\n<\/table>\n<\/td>\n<\/tr>\n<\/tbody>\n<\/table>\n<table style=\"border-collapse: collapse; color: #444444; font-family: arial; font-size: 12px; border-color: #dddddd; background-color: #ffffff;\" cellspacing=\"0\" cellpadding=\"0\">\n<tbody>\n<tr>\n<td width=\"10px\"><\/td>\n<td style=\"vertical-align: top; padding: 5px 0;\" width=\"580\">\n<table style=\"border-collapse: collapse; width: 565px; color: #444444; font-family: arial; font-size: 12px; border-color: #dddddd; background-color: #ffffff;\" width=\"565\" cellspacing=\"0\" cellpadding=\"0\">\n<tbody>\n<tr>\n<td style=\"padding: 5px 0 5px 5px; line-height: normal; color: #444444; font-family: arial; font-size: 12px; border-color: #dddddd; background-color: #ffffff;\">\n<h2 style=\"font-size: 1.5em; margin: 0 0 10px; text-align: center;\">No\u00e9mi Brunet et Michel Guyot<br \/>\nseraient tr\u00e8s heureux de vous inviter \u00e0 l&#8217;inauguration<br \/>\nde l&#8217;Abbaye de La R\u00e9au<br \/>\n\u00e0 l&#8217;occasion de son ouverture au public<br \/>\nle vendredi 31 mars 2017 \u00e0 11h<\/h2>\n<p>&nbsp;<\/p>\n<h2 style=\"font-size: 1.5em; margin: 0 0 10px; text-align: center;\"><a style=\"color: #0033cc; ;border: none;\" href=\"mailto:contact@abbayedelareau.com\">Merci de confirmer votre pr\u00e9sence \u00e0 : <\/a><a style=\"color: #0033cc; ;border: none;\" href=\"mailto:contact@abbayedelareau.com\">contact@abbayedelareau.com<\/a><\/h2>\n<\/td>\n<\/tr>\n<\/tbody>\n<\/table>\n<\/td>\n<\/tr>\n<\/tbody>\n<\/table>\n<table style=\"border-collapse: collapse; color: #444444; font-family: arial; font-size: 12px; border-color: #dddddd; background-color: #ffffff;\" cellspacing=\"0\" cellpadding=\"0\">\n<tbody>\n<tr>\n<td width=\"10px\"><\/td>\n<td style=\"vertical-align: top; padding: 5px 0;\" width=\"580\">\n<table style=\"border-collapse: collapse; text-align: center; width: 100%;\" cellspacing=\"0\" cellpadding=\"0\">\n<tbody>\n<tr>\n<td><img loading=\"lazy\" decoding=\"async\" style=\"border: none;\" src=\"http:\/\/0j8w.mj.am\/img\/0j8w\/l31ys\/su3gh.jpg\" alt=\"\" width=\"568\" height=\"339\" \/><\/td>\n<\/tr>\n<\/tbody>\n<\/table>\n<\/td>\n<\/tr>\n<\/tbody>\n<\/table>\n<table style=\"border-collapse: collapse; color: #444444; font-family: arial; font-size: 12px; border-color: #dddddd; background-color: #ffffff;\" cellspacing=\"0\" cellpadding=\"0\">\n<tbody>\n<tr>\n<td width=\"10px\"><\/td>\n<td style=\"vertical-align: top; padding: 5px 0;\" width=\"580\">\n<table style=\"border-collapse: collapse; width: 565px; color: #444444; font-family: arial; font-size: 12px; border-color: #dddddd; background-color: #ffffff;\" width=\"565\" cellspacing=\"0\" cellpadding=\"0\">\n<tbody>\n<tr>\n<td style=\"padding: 5px 0 5px 5px; line-height: normal; color: #444444; font-family: arial; font-size: 12px; border-color: #dddddd; background-color: #ffffff;\">\n<h4 style=\"font-size: 12px; margin: 0 0 10px; text-align: center;\"><strong>Abbaye de La R\u00e9au<\/strong><br \/>\n86350 Saint Martin l&#8217;Ars<br \/>\nTel. : +33 (0)5 49 87 93 08<br \/>\ncontact@abbayedelareau.com<br \/>\n<strong><a style=\"color: #0033cc; ;border: none;\" href=\"https:\/\/www.google.fr\/maps\/place\/La+R%C3%A9au,+86350+Saint-Martin-l'Ars\/@46.1951141,0.5480112,389m\/data=!3m2!1e3!4b1!4m12!1m6!3m5!1s0x0:0x82dc9cc9e7948fe8!2sLa+R%C3%A9au+(Ancienne+Abbaye)!8m2!3d46.1942178!4d0.549599!3m4!1s0x47fe7f4cc42dad45:0x83b69e329dd1f4ae!8m2!3d46.1951141!4d0.5491318\" target=\"_blank\">Comment venir<\/a><\/strong><\/h4>\n<\/td>\n<\/tr>\n<\/tbody>\n<\/table>\n<\/td>\n<\/tr>\n<\/tbody>\n<\/table>\n<table style=\"border-collapse: collapse; color: #444444; font-family: arial; font-size: 12px; border-color: #dddddd; background-color: #ffffff;\" cellspacing=\"0\" cellpadding=\"0\">\n<tbody>\n<tr>\n<td width=\"10px\"><\/td>\n<td style=\"vertical-align: top; padding: 5px 0;\" width=\"580\">\n<table style=\"border-collapse: collapse; text-align: center; width: 100%;\" cellspacing=\"0\" cellpadding=\"0\">\n<tbody>\n<tr>\n<td><img loading=\"lazy\" decoding=\"async\" style=\"border: none;\" src=\"http:\/\/0j8w.mj.am\/img\/0j8w\/lmzgl\/s4r4l.jpg\" alt=\"ATV\" width=\"568\" height=\"96\" \/><\/td>\n<\/tr>\n<\/tbody>\n<\/table>\n<\/td>\n<\/tr>\n<\/tbody>\n<\/table>\n<\/td>\n<\/tr>\n<\/tbody>\n<\/table>\n<\/td>\n<\/tr>\n<\/tbody>\n<\/table>\n<p>&nbsp;<\/p>\n","protected":false},"excerpt":{"rendered":"<p>Invitation inauguration Vendredi 31 mars No\u00e9mi Brunet et Michel Guyot seraient tr\u00e8s heureux de vous inviter \u00e0 l&#8217;inauguration de l&#8217;Abbaye de La R\u00e9au \u00e0 l&#8217;occasion&#8230;<\/p>\n","protected":false},"author":1,"featured_media":0,"comment_status":"closed","ping_status":"closed","sticky":false,"template":"","format":"standard","meta":{"_jetpack_memberships_contains_paid_content":false,"footnotes":""},"categories":[1],"tags":[],"class_list":["post-310","post","type-post","status-publish","format-standard","hentry","category-uncategorized"],"jetpack_featured_media_url":"","jetpack_sharing_enabled":true,"_links":{"self":[{"href":"https:\/\/www.routehistorique86.com\/index.php\/wp-json\/wp\/v2\/posts\/310","targetHints":{"allow":["GET"]}}],"collection":[{"href":"https:\/\/www.routehistorique86.com\/index.php\/wp-json\/wp\/v2\/posts"}],"about":[{"href":"https:\/\/www.routehistorique86.com\/index.php\/wp-json\/wp\/v2\/types\/post"}],"author":[{"embeddable":true,"href":"https:\/\/www.routehistorique86.com\/index.php\/wp-json\/wp\/v2\/users\/1"}],"replies":[{"embeddable":true,"href":"https:\/\/www.routehistorique86.com\/index.php\/wp-json\/wp\/v2\/comments?post=310"}],"version-history":[{"count":2,"href":"https:\/\/www.routehistorique86.com\/index.php\/wp-json\/wp\/v2\/posts\/310\/revisions"}],"predecessor-version":[{"id":312,"href":"https:\/\/www.routehistorique86.com\/index.php\/wp-json\/wp\/v2\/posts\/310\/revisions\/312"}],"wp:attachment":[{"href":"https:\/\/www.routehistorique86.com\/index.php\/wp-json\/wp\/v2\/media?parent=310"}],"wp:term":[{"taxonomy":"category","embeddable":true,"href":"https:\/\/www.routehistorique86.com\/index.php\/wp-json\/wp\/v2\/categories?post=310"},{"taxonomy":"post_tag","embeddable":true,"href":"https:\/\/www.routehistorique86.com\/index.php\/wp-json\/wp\/v2\/tags?post=310"}],"curies":[{"name":"wp","href":"https:\/\/api.w.org\/{rel}","templated":true}]}}