{"id":272,"date":"2009-05-16T16:10:01","date_gmt":"2009-05-16T15:10:01","guid":{"rendered":"https:\/\/routehistorique86.com\/?p=272"},"modified":"2017-04-16T16:17:11","modified_gmt":"2017-04-16T15:17:11","slug":"apercu-historique-de-lassociation","status":"publish","type":"post","link":"https:\/\/www.routehistorique86.com\/index.php\/2009\/05\/16\/apercu-historique-de-lassociation\/","title":{"rendered":"Aper\u00e7u historique de l&#8217;association"},"content":{"rendered":"<p>Du Circuit des abbayes du Haut-Poitou \u00e0 la Route historique des abbayes et monuments du Haut-Poitou<\/p>\n<p>A la fin des ann\u00e9es 1950, les structures touristiques d\u00e9partementales \u00e9tant alors moins d\u00e9velopp\u00e9es qu&#8217;actuellement, Monsieur Anthoine de FREMOND, propri\u00e9taire de l&#8217;abbaye de La R\u00e9au a prit l&#8217;initiative de cr\u00e9er une association destin\u00e9e \u00e0 faire conna\u00eetre les monuments historiques, publics et priv\u00e9s, situ\u00e9s au sud du d\u00e9partement de la Vienne.<\/p>\n<p>Encourag\u00e9 par son cercle d&#8217;amis et de relations, ce projet \u00e9tait notamment partag\u00e9 par Son Excellence le bailli G\u00e9raud de PIERREDON, propri\u00e9taire du ch\u00e2teau de La Roche \u00e0 Magn\u00e9, qui fut le repr\u00e9sentant officiel de l&#8217;Ordre de Malte aupr\u00e9s de la France, M. Fran\u00e7ois EYGUN, historien de l&#8217;abbaye de La R\u00e9au et directeur r\u00e9gional des Antiquit\u00e9s historiques dans les ann\u00e9es 1960\/70, le Docteur GUILLARD, maire de Civray, le Docteur M\u00e9RIGUET, v\u00e9t\u00e9rinaire \u00e0 Gen\u00e7ay, M. Hubert BOUTIN, pr\u00e9sident du syndicat d&#8217;initiative de Gen\u00e7ay, M. Gilbert HABRIOUX, maire de Ch\u00e2teau-Larcher, et M. Michel MORGAT, industriel \u00e0 Nouaill\u00e9-Maupertuis.<\/p>\n<p>Le 14 ao\u00fbt 1958, dans les locaux du syndicat d&#8217;initiative de Gen\u00e7ay, eut lieu une r\u00e9union en vue de constituer le premier bureau de l&#8217;association &#8220;Circuit des Abbayes du Haut-Poitou&#8221; et de r\u00e9diger les statuts. Ceux-ci sont \u00e9tablis le 7 novembre 1958 \u00e0 GEN\u00e7AY et d\u00e9clar\u00e9s \u00e0 la Sous-Pr\u00e9fecture de Montmorillon, le 2 avril 1959, avec une publication au Journal officiel le 4 mai 1959.<\/p>\n<p>L&#8217;objectif originel de l&#8217;association pr\u00e9vaut toujours\u00a0: \u00e0 faire conna\u00eetre les richesses architecturales et touristiques du Haut-Poitou, organiser ou encourager des manifestations culturelles diverses et faire la promotion des sites au moyen notamment d&#8217;un d\u00e9pliant.<\/p>\n<p>En effet, le projet de r\u00e9aliser une carte-d\u00e9pliant s&#8217;imposa tr\u00e8s vite et M. Jean CAMAILLE, ing\u00e9nieur des Ponts et Chauss\u00e9es, con\u00e7ut le premier document, illustr\u00e9 par Mlle Michelle de FR\u00e9MOND. Il concernait essentiellement les monuments des cantons de Gen\u00e7ay, Civray, Charroux, Availles-Limouzine, Couh\u00e9 et Lusignan, et les communes de Poitiers, Saint-Beno\u00e9t, Ligug\u00e9 et Nouaill\u00e9-Maupertuis.<\/p>\n<p>Au fil des ans, l&#8217;association connut un rayonnement grandissant et accueillit, dans son conseil d&#8217;administration, des personnalit\u00e9s partageant l&#8217;enthousiasme des fondateurs. Citons en particulier\u00a0: Monsieur et Madame Andr\u00e9 VIGNAUD, qui ont sauv\u00e9 de la ruine le ch\u00e2teau de Gen\u00e7ay\u00a0; Monsieur Pierre PAGERIE, pr\u00e9sident du syndicat d&#8217;initiative de Poitiers\u00a0; le lieutenant-colonel MENNETEAU, pr\u00e9sident du syndicat d&#8217;initiative de Lusignan\u00a0; Monsieur Fran\u00e7ois VIGNES, La Buthi\u00e9re \u00e0 Usson du Poitou\u00a0; Monsieur Pierre TROUV\u00e9, Civray\u00a0; Monsieur Henry BERNARD, ancien maire et conseiller g\u00e9n\u00e9ral de Gen\u00e7ay\u00a0; M. Jean-Robert LORZIL, qui a restaur\u00e9 le ch\u00e2teau d&#8217;Epanvilliers, et Monsieur Maurice GIRAULT, ancien maire et conseiller g\u00e9n\u00e9ral de Ligug\u00e9.<\/p>\n<p>Le 31 mai 1986, le si\u00e8ge social du Circuit des abbayes et Monuments du Haut-Poitou est transf\u00e9r\u00e9 de la mairie de Gen\u00e7ay \u00e0 celle de Nouaill\u00e9-Maupertuis. Il est fix\u00e9, depuis le 23 mars 1991, \u00e0 la mairie de LIGUG\u00e9.<\/p>\n<p>Le concept de circuits, d\u00e9fini (\u00e9 partir de Poitiers) par les membres fondateurs, est toujours d&#8217;actualit\u00e9\u00a0: l&#8217;\u00e9dition de la carte-d\u00e9pliant, \u00e0 l&#8217;occasion du cinquantenaire de l&#8217;association, met en valeur quatre circuits touristiques M\u00e9lusine, Charlemagne, Jean le Bon et Du Guesclin.<\/p>\n<p>Sous l&#8217;impulsion du pr\u00e9sident de l&#8217;\u00e9poque, M. Georges AYM\u00e9, l&#8217;association a adh\u00e9r\u00e9, en 1990, \u00e0 la Caisse nationale des monuments historiques et des sites (CNMHS) qui est \u00e0 l&#8217;origine, avec la Demeure Historique, de la cr\u00e9ation de la F\u00e9d\u00e9ration nationale des routes historiques, \u00e0 laquelle nous avons adh\u00e9r\u00e9 le 17 juin 2000. Cette f\u00e9d\u00e9ration accueillera, bient\u00f4t, notre site internet.<\/p>\n<p>Depuis l&#8217;an 2000, chaque premier dimanche d&#8217;octobre, l&#8217;association organise une sortie culturelle qui permet \u00e0 ses membres de d\u00e9couvrir les richesses architecturales du Poitou, principalement\u00a0; mais aussi de la Saintonge, comme le 1er octobre 2006. Cette heureuse initiative, due \u00e0 mon pr\u00e9d\u00e9cesseur, Michel TABAU, recueille d\u00e9sormais un grand succ\u00e8s.<\/p>\n<p>Depuis sa fondation, l&#8217;association a toujours entretenu des relations confiantes et constructives avec les collectivit\u00e9s territoriales. Ainsi, les maires des communes concern\u00e9es par nos circuits et apportant un soutien financier r\u00e9gulier, sont membres de droit de notre route historique. Cette confiance mutuelle s&#8217;exprime \u00e9galement dans le fait que le pr\u00e9sident de la Route si\u00e8ge au &#8220;Comit\u00e9 d\u00e9partemental du tourisme et des loisirs&#8221; qui est une \u00e9manation du Conseil G\u00e9n\u00e9ral de la Vienne. L&#8217;assembl\u00e9e d\u00e9partementale a, depuis sa cr\u00e9ation, manifest\u00e9 beaucoup de bienveillance envers l&#8217;association\u00a0; le b\u00e2tonnier Jean-Charles CHEVALIER, longtemps pr\u00e9sident du Comit\u00e9 d\u00e9partemental du tourisme\u00a0; le b\u00e2tonnier Jacques GRANDON, ancien 1er vice-pr\u00e9sident du Conseil G\u00e9n\u00e9ral et le S\u00e9nateur Guy ROBERT, ancien maire de Brux, ont apport\u00e9 un fid\u00e8le soutien \u00e0 la Route historique.<\/p>\n<p>Pour asseoir son rayonnement au niveau r\u00e9gional, la Route historique est affili\u00e9e \u00e0 l&#8217;Union Poitou-Charentes Patrimoine qui est une f\u00e9d\u00e9ration r\u00e9gionale d&#8217;associations, cr\u00e9\u00e9e en mars 2000 par le Docteur Jacques DAYD\u00e9.<br \/>\nEn conclusion, je suis heureux de saluer l&#8217;action de mes pr\u00e9d\u00e9cesseurs, \u00e0 la pr\u00e9sidence de cette association qui s&#8217;appr\u00eate \u00e0 f\u00eater son cinquantenaire.<\/p>\n<p>Pr\u00e9sidences successives\u00a0:<\/p>\n<ul>\n<li>M. Anthoine de FR\u00e9MOND, de la fondation au 17 juin 1981<\/li>\n<li>M. Andr\u00e9 RENAUDOT, du 17 juin 1981 au 3 juin 1989<\/li>\n<li>M. Dominique de PIERREDON, du 3 juin 1989 au 2 f\u00e9vrier 1990<\/li>\n<li>M. Georges AYM\u00e9, du 2 f\u00e9vrier 1990 au 10 f\u00e9vrier 1996<\/li>\n<li>M. Dominique de PIERREDON (par int\u00e9rim), du 9 avril 1995 au 10 f\u00e9vrier 1996<\/li>\n<li>M. Patrick MERGAULT, du 10 f\u00e9vrier 1996 au 5 mars 1999<\/li>\n<li>Mlle Marie-Th\u00e9r\u00e9se BABIN (par int\u00e9rim), du 5 mars au 26 juin 1999<\/li>\n<li>M. Michel TABAU, du 26 juin 1999 au 5 avril 2008<\/li>\n<li>M. Christian-Sim\u00e9on LUNDI, depuis le 5 avril 2008<\/li>\n<\/ul>\n<p>N.B.\u00a0: M. Anthoine de FR\u00e9MOND, soutenu notamment par M. Fran\u00e7ois EYGUN, avait cr\u00e9\u00e9 en 1969 (J.O. du 2 octobre 1969) l&#8217;association des Amis de La R\u00e9au qui \u00e9tait pr\u00e9sid\u00e9e par Ma\u00eetre Henri GALLET, avou\u00e9 honoraire pr\u00e9s la Cour d&#8217;Appel de Poitiers et ancien d\u00e9put\u00e9, lors de sa dissolution, le 28 juin 1984. Le reliquat de la tr\u00e9sorerie a \u00e9t\u00e9 remis au Circuit des Abbayes et Monuments du Haut-Poitou.<\/p>\n<p style=\"text-align: right;\">Christian-Sim\u00e9on<br \/>\nLundi\u00a016 mai 2009<\/p>\n","protected":false},"excerpt":{"rendered":"<p>Du Circuit des abbayes du Haut-Poitou \u00e0 la Route historique des abbayes et monuments du Haut-Poitou A la fin des ann\u00e9es 1950, les structures touristiques&#8230;<\/p>\n","protected":false},"author":1,"featured_media":0,"comment_status":"closed","ping_status":"closed","sticky":false,"template":"","format":"standard","meta":{"_jetpack_memberships_contains_paid_content":false,"footnotes":""},"categories":[1],"tags":[],"class_list":["post-272","post","type-post","status-publish","format-standard","hentry","category-uncategorized"],"jetpack_featured_media_url":"","jetpack_sharing_enabled":true,"_links":{"self":[{"href":"https:\/\/www.routehistorique86.com\/index.php\/wp-json\/wp\/v2\/posts\/272","targetHints":{"allow":["GET"]}}],"collection":[{"href":"https:\/\/www.routehistorique86.com\/index.php\/wp-json\/wp\/v2\/posts"}],"about":[{"href":"https:\/\/www.routehistorique86.com\/index.php\/wp-json\/wp\/v2\/types\/post"}],"author":[{"embeddable":true,"href":"https:\/\/www.routehistorique86.com\/index.php\/wp-json\/wp\/v2\/users\/1"}],"replies":[{"embeddable":true,"href":"https:\/\/www.routehistorique86.com\/index.php\/wp-json\/wp\/v2\/comments?post=272"}],"version-history":[{"count":1,"href":"https:\/\/www.routehistorique86.com\/index.php\/wp-json\/wp\/v2\/posts\/272\/revisions"}],"predecessor-version":[{"id":273,"href":"https:\/\/www.routehistorique86.com\/index.php\/wp-json\/wp\/v2\/posts\/272\/revisions\/273"}],"wp:attachment":[{"href":"https:\/\/www.routehistorique86.com\/index.php\/wp-json\/wp\/v2\/media?parent=272"}],"wp:term":[{"taxonomy":"category","embeddable":true,"href":"https:\/\/www.routehistorique86.com\/index.php\/wp-json\/wp\/v2\/categories?post=272"},{"taxonomy":"post_tag","embeddable":true,"href":"https:\/\/www.routehistorique86.com\/index.php\/wp-json\/wp\/v2\/tags?post=272"}],"curies":[{"name":"wp","href":"https:\/\/api.w.org\/{rel}","templated":true}]}}