{"id":253,"date":"2013-10-06T15:57:18","date_gmt":"2013-10-06T14:57:18","guid":{"rendered":"https:\/\/routehistorique86.com\/?p=253"},"modified":"2017-04-16T16:17:31","modified_gmt":"2017-04-16T15:17:31","slug":"sortie-dautomne-2013","status":"publish","type":"post","link":"https:\/\/www.routehistorique86.com\/index.php\/2013\/10\/06\/sortie-dautomne-2013\/","title":{"rendered":"Sortie d&#8217;automne 2013"},"content":{"rendered":"<p>Dans la r\u00e9gion de Richelieu, le 6 octobre. Quelques photos&#8230;<\/p>\n<div id=\"attachment_255\" style=\"width: 310px\" class=\"wp-caption alignnone\"><a href=\"https:\/\/routehistorique86.com\/wp-content\/uploads\/2017\/04\/artfichier_284088_3423901_201402123119669.jpg\" target=\"_blank\"><img loading=\"lazy\" decoding=\"async\" aria-describedby=\"caption-attachment-255\" class=\"wp-image-255 size-medium\" src=\"https:\/\/routehistorique86.com\/wp-content\/uploads\/2017\/04\/artfichier_284088_3423901_201402123119669-300x225.jpg\" alt=\" Porte monumentale de l'entr\u00e9e de la ville de Richelieu\" width=\"300\" height=\"225\" srcset=\"https:\/\/www.routehistorique86.com\/wp-content\/uploads\/2017\/04\/artfichier_284088_3423901_201402123119669-300x225.jpg 300w, https:\/\/www.routehistorique86.com\/wp-content\/uploads\/2017\/04\/artfichier_284088_3423901_201402123119669.jpg 500w\" sizes=\"auto, (max-width: 300px) 100vw, 300px\" \/><\/a><p id=\"caption-attachment-255\" class=\"wp-caption-text\">Porte monumentale de l&#8217;entr\u00e9e de la ville de Richelieu<\/p><\/div>\n<div id=\"attachment_254\" style=\"width: 310px\" class=\"wp-caption alignnone\"><a href=\"https:\/\/routehistorique86.com\/wp-content\/uploads\/2017\/04\/artfichier_284088_3423899_201402123116436.jpg\" target=\"_blank\"><img loading=\"lazy\" decoding=\"async\" aria-describedby=\"caption-attachment-254\" class=\"wp-image-254 size-medium\" src=\"https:\/\/routehistorique86.com\/wp-content\/uploads\/2017\/04\/artfichier_284088_3423899_201402123116436-300x225.jpg\" alt=\"Place du Cardinal\" width=\"300\" height=\"225\" srcset=\"https:\/\/www.routehistorique86.com\/wp-content\/uploads\/2017\/04\/artfichier_284088_3423899_201402123116436-300x225.jpg 300w, https:\/\/www.routehistorique86.com\/wp-content\/uploads\/2017\/04\/artfichier_284088_3423899_201402123116436.jpg 500w\" sizes=\"auto, (max-width: 300px) 100vw, 300px\" \/><\/a><p id=\"caption-attachment-254\" class=\"wp-caption-text\">Place du Cardinal<\/p><\/div>\n<div id=\"attachment_256\" style=\"width: 310px\" class=\"wp-caption alignnone\"><a href=\"https:\/\/routehistorique86.com\/wp-content\/uploads\/2017\/04\/artfichier_284088_3423908_201402123234727.jpg\" target=\"_blank\"><img loading=\"lazy\" decoding=\"async\" aria-describedby=\"caption-attachment-256\" class=\"wp-image-256 size-medium\" src=\"https:\/\/routehistorique86.com\/wp-content\/uploads\/2017\/04\/artfichier_284088_3423908_201402123234727-300x225.jpg\" alt=\"Eglise Notre-Dame, Richelieu\" width=\"300\" height=\"225\" srcset=\"https:\/\/www.routehistorique86.com\/wp-content\/uploads\/2017\/04\/artfichier_284088_3423908_201402123234727-300x225.jpg 300w, https:\/\/www.routehistorique86.com\/wp-content\/uploads\/2017\/04\/artfichier_284088_3423908_201402123234727.jpg 500w\" sizes=\"auto, (max-width: 300px) 100vw, 300px\" \/><\/a><p id=\"caption-attachment-256\" class=\"wp-caption-text\">Eglise Notre-Dame, Richelieu<\/p><\/div>\n<div id=\"attachment_257\" style=\"width: 310px\" class=\"wp-caption alignnone\"><a href=\"https:\/\/routehistorique86.com\/wp-content\/uploads\/2017\/04\/artfichier_284088_3423909_201402123237607.jpg\" target=\"_blank\"><img loading=\"lazy\" decoding=\"async\" aria-describedby=\"caption-attachment-257\" class=\"wp-image-257 size-medium\" src=\"https:\/\/routehistorique86.com\/wp-content\/uploads\/2017\/04\/artfichier_284088_3423909_201402123237607-300x225.jpg\" alt=\"D\u00e9tail de la fa\u00e7ade de l'\u00e9glise\" width=\"300\" height=\"225\" srcset=\"https:\/\/www.routehistorique86.com\/wp-content\/uploads\/2017\/04\/artfichier_284088_3423909_201402123237607-300x225.jpg 300w, https:\/\/www.routehistorique86.com\/wp-content\/uploads\/2017\/04\/artfichier_284088_3423909_201402123237607.jpg 500w\" sizes=\"auto, (max-width: 300px) 100vw, 300px\" \/><\/a><p id=\"caption-attachment-257\" class=\"wp-caption-text\">D\u00e9tail de la fa\u00e7ade de l&#8217;\u00e9glise<\/p><\/div>\n<div id=\"attachment_258\" style=\"width: 310px\" class=\"wp-caption alignnone\"><a href=\"https:\/\/routehistorique86.com\/wp-content\/uploads\/2017\/04\/artfichier_284088_3423910_20140212324233.jpg\" target=\"_blank\"><img loading=\"lazy\" decoding=\"async\" aria-describedby=\"caption-attachment-258\" class=\"wp-image-258 size-medium\" src=\"https:\/\/routehistorique86.com\/wp-content\/uploads\/2017\/04\/artfichier_284088_3423910_20140212324233-300x225.jpg\" alt=\"Les Halles, face \u00e0 l'\u00e9glise\" width=\"300\" height=\"225\" srcset=\"https:\/\/www.routehistorique86.com\/wp-content\/uploads\/2017\/04\/artfichier_284088_3423910_20140212324233-300x225.jpg 300w, https:\/\/www.routehistorique86.com\/wp-content\/uploads\/2017\/04\/artfichier_284088_3423910_20140212324233.jpg 500w\" sizes=\"auto, (max-width: 300px) 100vw, 300px\" \/><\/a><p id=\"caption-attachment-258\" class=\"wp-caption-text\">Les Halles, face \u00e0 l&#8217;\u00e9glise<\/p><\/div>\n<div id=\"attachment_259\" style=\"width: 310px\" class=\"wp-caption alignnone\"><a href=\"https:\/\/routehistorique86.com\/wp-content\/uploads\/2017\/04\/artfichier_284088_3423919_201402123354703.jpg\" target=\"_blank\"><img loading=\"lazy\" decoding=\"async\" aria-describedby=\"caption-attachment-259\" class=\"wp-image-259 size-medium\" src=\"https:\/\/routehistorique86.com\/wp-content\/uploads\/2017\/04\/artfichier_284088_3423919_201402123354703-300x225.jpg\" alt=\"Les Halles, c\u00f4t\u00e9 faubourg\" width=\"300\" height=\"225\" srcset=\"https:\/\/www.routehistorique86.com\/wp-content\/uploads\/2017\/04\/artfichier_284088_3423919_201402123354703-300x225.jpg 300w, https:\/\/www.routehistorique86.com\/wp-content\/uploads\/2017\/04\/artfichier_284088_3423919_201402123354703.jpg 500w\" sizes=\"auto, (max-width: 300px) 100vw, 300px\" \/><\/a><p id=\"caption-attachment-259\" class=\"wp-caption-text\">Les Halles, c\u00f4t\u00e9 faubourg<\/p><\/div>\n<div id=\"attachment_260\" style=\"width: 310px\" class=\"wp-caption alignnone\"><a href=\"https:\/\/routehistorique86.com\/wp-content\/uploads\/2017\/04\/artfichier_284088_3423923_201402123405896.jpg\" target=\"_blank\"><img loading=\"lazy\" decoding=\"async\" aria-describedby=\"caption-attachment-260\" class=\"wp-image-260 size-medium\" src=\"https:\/\/routehistorique86.com\/wp-content\/uploads\/2017\/04\/artfichier_284088_3423923_201402123405896-300x225.jpg\" alt=\"D\u00e9pendances du ch\u00e2teau de Champigny sur Veude\" width=\"300\" height=\"225\" srcset=\"https:\/\/www.routehistorique86.com\/wp-content\/uploads\/2017\/04\/artfichier_284088_3423923_201402123405896-300x225.jpg 300w, https:\/\/www.routehistorique86.com\/wp-content\/uploads\/2017\/04\/artfichier_284088_3423923_201402123405896.jpg 500w\" sizes=\"auto, (max-width: 300px) 100vw, 300px\" \/><\/a><p id=\"caption-attachment-260\" class=\"wp-caption-text\">D\u00e9pendances du ch\u00e2teau de Champigny sur Veude<\/p><\/div>\n<div id=\"attachment_262\" style=\"width: 310px\" class=\"wp-caption alignnone\"><a href=\"https:\/\/routehistorique86.com\/wp-content\/uploads\/2017\/04\/artfichier_284088_3423937_201402123514243.jpg\" target=\"_blank\"><img loading=\"lazy\" decoding=\"async\" aria-describedby=\"caption-attachment-262\" class=\"wp-image-262 size-medium\" src=\"https:\/\/routehistorique86.com\/wp-content\/uploads\/2017\/04\/artfichier_284088_3423937_201402123514243-300x225.jpg\" alt=\"D\u00e9pendances du ch\u00e2teau de Champigny sur Veude\" width=\"300\" height=\"225\" srcset=\"https:\/\/www.routehistorique86.com\/wp-content\/uploads\/2017\/04\/artfichier_284088_3423937_201402123514243-300x225.jpg 300w, https:\/\/www.routehistorique86.com\/wp-content\/uploads\/2017\/04\/artfichier_284088_3423937_201402123514243.jpg 500w\" sizes=\"auto, (max-width: 300px) 100vw, 300px\" \/><\/a><p id=\"caption-attachment-262\" class=\"wp-caption-text\">D\u00e9pendances du ch\u00e2teau de Champigny sur Veude<\/p><\/div>\n<div id=\"attachment_261\" style=\"width: 310px\" class=\"wp-caption alignnone\"><a href=\"https:\/\/routehistorique86.com\/wp-content\/uploads\/2017\/04\/artfichier_284088_3423936_201402123512297.jpg\" target=\"_blank\"><img loading=\"lazy\" decoding=\"async\" aria-describedby=\"caption-attachment-261\" class=\"wp-image-261 size-medium\" src=\"https:\/\/routehistorique86.com\/wp-content\/uploads\/2017\/04\/artfichier_284088_3423936_201402123512297-300x225.jpg\" alt=\"Sainte Chapelle de Champigny sur Veude\" width=\"300\" height=\"225\" srcset=\"https:\/\/www.routehistorique86.com\/wp-content\/uploads\/2017\/04\/artfichier_284088_3423936_201402123512297-300x225.jpg 300w, https:\/\/www.routehistorique86.com\/wp-content\/uploads\/2017\/04\/artfichier_284088_3423936_201402123512297.jpg 500w\" sizes=\"auto, (max-width: 300px) 100vw, 300px\" \/><\/a><p id=\"caption-attachment-261\" class=\"wp-caption-text\">Sainte Chapelle de Champigny sur Veude<\/p><\/div>\n<div id=\"attachment_263\" style=\"width: 235px\" class=\"wp-caption alignnone\"><a href=\"https:\/\/routehistorique86.com\/wp-content\/uploads\/2017\/04\/artfichier_284088_3423939_201402123527383.jpg\"><img loading=\"lazy\" decoding=\"async\" aria-describedby=\"caption-attachment-263\" class=\"size-medium wp-image-263\" src=\"https:\/\/routehistorique86.com\/wp-content\/uploads\/2017\/04\/artfichier_284088_3423939_201402123527383-225x300.jpg\" alt=\"Porche d'entr\u00e9e de la Sainte Chapelle\" width=\"225\" height=\"300\" srcset=\"https:\/\/www.routehistorique86.com\/wp-content\/uploads\/2017\/04\/artfichier_284088_3423939_201402123527383-225x300.jpg 225w, https:\/\/www.routehistorique86.com\/wp-content\/uploads\/2017\/04\/artfichier_284088_3423939_201402123527383.jpg 500w\" sizes=\"auto, (max-width: 225px) 100vw, 225px\" \/><\/a><p id=\"caption-attachment-263\" class=\"wp-caption-text\">Porche d&#8217;entr\u00e9e de la Sainte Chapelle<\/p><\/div>\n<div id=\"attachment_265\" style=\"width: 310px\" class=\"wp-caption alignnone\"><a href=\"https:\/\/routehistorique86.com\/wp-content\/uploads\/2017\/04\/artfichier_284088_3423954_201402123644817.jpg\" target=\"_blank\"><img loading=\"lazy\" decoding=\"async\" aria-describedby=\"caption-attachment-265\" class=\"wp-image-265 size-medium\" src=\"https:\/\/routehistorique86.com\/wp-content\/uploads\/2017\/04\/artfichier_284088_3423954_201402123644817-300x225.jpg\" alt=\"D\u00e9tail du d\u00e9cor de stuc du porche\" width=\"300\" height=\"225\" srcset=\"https:\/\/www.routehistorique86.com\/wp-content\/uploads\/2017\/04\/artfichier_284088_3423954_201402123644817-300x225.jpg 300w, https:\/\/www.routehistorique86.com\/wp-content\/uploads\/2017\/04\/artfichier_284088_3423954_201402123644817.jpg 500w\" sizes=\"auto, (max-width: 300px) 100vw, 300px\" \/><\/a><p id=\"caption-attachment-265\" class=\"wp-caption-text\">D\u00e9tail du d\u00e9cor de stuc du porche<\/p><\/div>\n<div id=\"attachment_264\" style=\"width: 235px\" class=\"wp-caption alignnone\"><a href=\"https:\/\/routehistorique86.com\/wp-content\/uploads\/2017\/04\/artfichier_284088_3423948_201402123616407.jpg\" target=\"_blank\"><img loading=\"lazy\" decoding=\"async\" aria-describedby=\"caption-attachment-264\" class=\"wp-image-264 size-medium\" src=\"https:\/\/routehistorique86.com\/wp-content\/uploads\/2017\/04\/artfichier_284088_3423948_201402123616407-225x300.jpg\" alt=\"Galerie d'entr\u00e9e des femmes\" width=\"225\" height=\"300\" srcset=\"https:\/\/www.routehistorique86.com\/wp-content\/uploads\/2017\/04\/artfichier_284088_3423948_201402123616407-225x300.jpg 225w, https:\/\/www.routehistorique86.com\/wp-content\/uploads\/2017\/04\/artfichier_284088_3423948_201402123616407.jpg 500w\" sizes=\"auto, (max-width: 225px) 100vw, 225px\" \/><\/a><p id=\"caption-attachment-264\" class=\"wp-caption-text\">Galerie d&#8217;entr\u00e9e des femmes<\/p><\/div>\n<div id=\"attachment_266\" style=\"width: 310px\" class=\"wp-caption alignnone\"><a href=\"https:\/\/routehistorique86.com\/wp-content\/uploads\/2017\/04\/artfichier_284088_3423956_20140212371048.jpg\" target=\"_blank\"><img loading=\"lazy\" decoding=\"async\" aria-describedby=\"caption-attachment-266\" class=\"wp-image-266 size-medium\" src=\"https:\/\/routehistorique86.com\/wp-content\/uploads\/2017\/04\/artfichier_284088_3423956_20140212371048-300x225.jpg\" alt=\"Vitraux de la Sainte Chapelle - XVI\u00e8me si\u00e8cle\" width=\"300\" height=\"225\" srcset=\"https:\/\/www.routehistorique86.com\/wp-content\/uploads\/2017\/04\/artfichier_284088_3423956_20140212371048-300x225.jpg 300w, https:\/\/www.routehistorique86.com\/wp-content\/uploads\/2017\/04\/artfichier_284088_3423956_20140212371048.jpg 500w\" sizes=\"auto, (max-width: 300px) 100vw, 300px\" \/><\/a><p id=\"caption-attachment-266\" class=\"wp-caption-text\">Vitraux de la Sainte Chapelle &#8211; XVI\u00e8me si\u00e8cle<\/p><\/div>\n<div id=\"attachment_267\" style=\"width: 310px\" class=\"wp-caption alignnone\"><a href=\"https:\/\/routehistorique86.com\/wp-content\/uploads\/2017\/04\/artfichier_284088_3423960_201402123817629.jpg\" target=\"_blank\"><img loading=\"lazy\" decoding=\"async\" aria-describedby=\"caption-attachment-267\" class=\"wp-image-267 size-medium\" src=\"https:\/\/routehistorique86.com\/wp-content\/uploads\/2017\/04\/artfichier_284088_3423960_201402123817629-300x225.jpg\" alt=\"Coll\u00e9giale Saint Georges de Faye le Vineuse\" width=\"300\" height=\"225\" srcset=\"https:\/\/www.routehistorique86.com\/wp-content\/uploads\/2017\/04\/artfichier_284088_3423960_201402123817629-300x225.jpg 300w, https:\/\/www.routehistorique86.com\/wp-content\/uploads\/2017\/04\/artfichier_284088_3423960_201402123817629.jpg 500w\" sizes=\"auto, (max-width: 300px) 100vw, 300px\" \/><\/a><p id=\"caption-attachment-267\" class=\"wp-caption-text\">Coll\u00e9giale Saint Georges de Faye le Vineuse<\/p><\/div>\n<div id=\"attachment_268\" style=\"width: 235px\" class=\"wp-caption alignnone\"><a href=\"https:\/\/routehistorique86.com\/wp-content\/uploads\/2017\/04\/artfichier_284088_3423964_201402123831359.jpg\" target=\"_blank\"><img loading=\"lazy\" decoding=\"async\" aria-describedby=\"caption-attachment-268\" class=\"wp-image-268 size-medium\" src=\"https:\/\/routehistorique86.com\/wp-content\/uploads\/2017\/04\/artfichier_284088_3423964_201402123831359-225x300.jpg\" alt=\"L'abside de la coll\u00e9giale\" width=\"225\" height=\"300\" srcset=\"https:\/\/www.routehistorique86.com\/wp-content\/uploads\/2017\/04\/artfichier_284088_3423964_201402123831359-225x300.jpg 225w, https:\/\/www.routehistorique86.com\/wp-content\/uploads\/2017\/04\/artfichier_284088_3423964_201402123831359.jpg 500w\" sizes=\"auto, (max-width: 225px) 100vw, 225px\" \/><\/a><p id=\"caption-attachment-268\" class=\"wp-caption-text\">L&#8217;abside de la coll\u00e9giale<\/p><\/div>\n<div id=\"attachment_270\" style=\"width: 310px\" class=\"wp-caption alignnone\"><a href=\"https:\/\/routehistorique86.com\/wp-content\/uploads\/2017\/04\/artfichier_284088_3431094_201402141910796.jpg\" target=\"_blank\"><img loading=\"lazy\" decoding=\"async\" aria-describedby=\"caption-attachment-270\" class=\"wp-image-270 size-medium\" src=\"https:\/\/routehistorique86.com\/wp-content\/uploads\/2017\/04\/artfichier_284088_3431094_201402141910796-300x225.jpg\" alt=\"Chapiteau des p\u00e8lerins marchant\" width=\"300\" height=\"225\" srcset=\"https:\/\/www.routehistorique86.com\/wp-content\/uploads\/2017\/04\/artfichier_284088_3431094_201402141910796-300x225.jpg 300w, https:\/\/www.routehistorique86.com\/wp-content\/uploads\/2017\/04\/artfichier_284088_3431094_201402141910796.jpg 500w\" sizes=\"auto, (max-width: 300px) 100vw, 300px\" \/><\/a><p id=\"caption-attachment-270\" class=\"wp-caption-text\">Chapiteau des p\u00e8lerins marchant<\/p><\/div>\n<div id=\"attachment_269\" style=\"width: 310px\" class=\"wp-caption alignnone\"><a href=\"https:\/\/routehistorique86.com\/wp-content\/uploads\/2017\/04\/artfichier_284088_3423965_201402123833465.jpg\" target=\"_blank\"><img loading=\"lazy\" decoding=\"async\" aria-describedby=\"caption-attachment-269\" class=\"wp-image-269 size-medium\" src=\"https:\/\/routehistorique86.com\/wp-content\/uploads\/2017\/04\/artfichier_284088_3423965_201402123833465-300x225.jpg\" alt=\"Chapiteau des p\u00e8lerins marchant\" width=\"300\" height=\"225\" srcset=\"https:\/\/www.routehistorique86.com\/wp-content\/uploads\/2017\/04\/artfichier_284088_3423965_201402123833465-300x225.jpg 300w, https:\/\/www.routehistorique86.com\/wp-content\/uploads\/2017\/04\/artfichier_284088_3423965_201402123833465.jpg 500w\" sizes=\"auto, (max-width: 300px) 100vw, 300px\" \/><\/a><p id=\"caption-attachment-269\" class=\"wp-caption-text\">Chapiteau des p\u00e8lerins marchant<\/p><\/div>\n","protected":false},"excerpt":{"rendered":"<p>Dans la r\u00e9gion de Richelieu, le 6 octobre. Quelques photos&#8230;<\/p>\n","protected":false},"author":1,"featured_media":0,"comment_status":"closed","ping_status":"closed","sticky":false,"template":"","format":"standard","meta":{"_jetpack_memberships_contains_paid_content":false,"footnotes":""},"categories":[1],"tags":[],"class_list":["post-253","post","type-post","status-publish","format-standard","hentry","category-uncategorized"],"jetpack_featured_media_url":"","jetpack_sharing_enabled":true,"_links":{"self":[{"href":"https:\/\/www.routehistorique86.com\/index.php\/wp-json\/wp\/v2\/posts\/253","targetHints":{"allow":["GET"]}}],"collection":[{"href":"https:\/\/www.routehistorique86.com\/index.php\/wp-json\/wp\/v2\/posts"}],"about":[{"href":"https:\/\/www.routehistorique86.com\/index.php\/wp-json\/wp\/v2\/types\/post"}],"author":[{"embeddable":true,"href":"https:\/\/www.routehistorique86.com\/index.php\/wp-json\/wp\/v2\/users\/1"}],"replies":[{"embeddable":true,"href":"https:\/\/www.routehistorique86.com\/index.php\/wp-json\/wp\/v2\/comments?post=253"}],"version-history":[{"count":1,"href":"https:\/\/www.routehistorique86.com\/index.php\/wp-json\/wp\/v2\/posts\/253\/revisions"}],"predecessor-version":[{"id":271,"href":"https:\/\/www.routehistorique86.com\/index.php\/wp-json\/wp\/v2\/posts\/253\/revisions\/271"}],"wp:attachment":[{"href":"https:\/\/www.routehistorique86.com\/index.php\/wp-json\/wp\/v2\/media?parent=253"}],"wp:term":[{"taxonomy":"category","embeddable":true,"href":"https:\/\/www.routehistorique86.com\/index.php\/wp-json\/wp\/v2\/categories?post=253"},{"taxonomy":"post_tag","embeddable":true,"href":"https:\/\/www.routehistorique86.com\/index.php\/wp-json\/wp\/v2\/tags?post=253"}],"curies":[{"name":"wp","href":"https:\/\/api.w.org\/{rel}","templated":true}]}}