{"id":250,"date":"2015-06-21T15:50:44","date_gmt":"2015-06-21T14:50:44","guid":{"rendered":"https:\/\/routehistorique86.com\/?p=250"},"modified":"2017-04-16T16:18:58","modified_gmt":"2017-04-16T15:18:58","slug":"hommage-a-jean-fournier-vice-president-de-lassociation","status":"publish","type":"post","link":"https:\/\/www.routehistorique86.com\/index.php\/2015\/06\/21\/hommage-a-jean-fournier-vice-president-de-lassociation\/","title":{"rendered":"Hommage \u00e0 Jean Fournier, vice-pr\u00e9sident de l&#8217;association"},"content":{"rendered":"<p>Jean Fournier, vice-pr\u00e9sident de la Route Historique des Abbayes et Monuments du Haut-Poitou, propri\u00e9taire du ch\u00e2teau de Galmoisin, vient de nous quitter. L&#8217;Association s&#8217;associe \u00e0 la tristesse de sa famille, et tient \u00e0 rendre hommage \u00e0 la finesse et \u00e0 l&#8217;intelligence de Jean, ainsi qu&#8217;\u00e0 l&#8217;attention qu&#8217;il a toujours su t\u00e9moigner \u00e0 chacun.<\/p>\n<p><a href=\"https:\/\/routehistorique86.com\/wp-content\/uploads\/2017\/04\/big_artfichier_284088_3856454_201406204127460.jpg\" target=\"_blank\"><img loading=\"lazy\" decoding=\"async\" class=\"alignnone wp-image-251 size-medium\" src=\"https:\/\/routehistorique86.com\/wp-content\/uploads\/2017\/04\/big_artfichier_284088_3856454_201406204127460-300x212.jpg\" alt=\"\" width=\"300\" height=\"212\" srcset=\"https:\/\/www.routehistorique86.com\/wp-content\/uploads\/2017\/04\/big_artfichier_284088_3856454_201406204127460-300x212.jpg 300w, https:\/\/www.routehistorique86.com\/wp-content\/uploads\/2017\/04\/big_artfichier_284088_3856454_201406204127460-768x542.jpg 768w, https:\/\/www.routehistorique86.com\/wp-content\/uploads\/2017\/04\/big_artfichier_284088_3856454_201406204127460.jpg 1024w\" sizes=\"auto, (max-width: 300px) 100vw, 300px\" \/><\/a><\/p>\n","protected":false},"excerpt":{"rendered":"<p>Jean Fournier, vice-pr\u00e9sident de la Route Historique des Abbayes et Monuments du Haut-Poitou, propri\u00e9taire du ch\u00e2teau de Galmoisin, vient de nous quitter. L&#8217;Association s&#8217;associe \u00e0&#8230;<\/p>\n","protected":false},"author":1,"featured_media":0,"comment_status":"closed","ping_status":"closed","sticky":false,"template":"","format":"standard","meta":{"_jetpack_memberships_contains_paid_content":false,"footnotes":""},"categories":[1],"tags":[],"class_list":["post-250","post","type-post","status-publish","format-standard","hentry","category-uncategorized"],"jetpack_featured_media_url":"","jetpack_sharing_enabled":true,"_links":{"self":[{"href":"https:\/\/www.routehistorique86.com\/index.php\/wp-json\/wp\/v2\/posts\/250","targetHints":{"allow":["GET"]}}],"collection":[{"href":"https:\/\/www.routehistorique86.com\/index.php\/wp-json\/wp\/v2\/posts"}],"about":[{"href":"https:\/\/www.routehistorique86.com\/index.php\/wp-json\/wp\/v2\/types\/post"}],"author":[{"embeddable":true,"href":"https:\/\/www.routehistorique86.com\/index.php\/wp-json\/wp\/v2\/users\/1"}],"replies":[{"embeddable":true,"href":"https:\/\/www.routehistorique86.com\/index.php\/wp-json\/wp\/v2\/comments?post=250"}],"version-history":[{"count":1,"href":"https:\/\/www.routehistorique86.com\/index.php\/wp-json\/wp\/v2\/posts\/250\/revisions"}],"predecessor-version":[{"id":252,"href":"https:\/\/www.routehistorique86.com\/index.php\/wp-json\/wp\/v2\/posts\/250\/revisions\/252"}],"wp:attachment":[{"href":"https:\/\/www.routehistorique86.com\/index.php\/wp-json\/wp\/v2\/media?parent=250"}],"wp:term":[{"taxonomy":"category","embeddable":true,"href":"https:\/\/www.routehistorique86.com\/index.php\/wp-json\/wp\/v2\/categories?post=250"},{"taxonomy":"post_tag","embeddable":true,"href":"https:\/\/www.routehistorique86.com\/index.php\/wp-json\/wp\/v2\/tags?post=250"}],"curies":[{"name":"wp","href":"https:\/\/api.w.org\/{rel}","templated":true}]}}